{"id":5902,"date":"2026-01-28T11:57:38","date_gmt":"2026-01-28T17:57:38","guid":{"rendered":"https:\/\/casadelaculturaac.com\/?p=5902"},"modified":"2026-01-28T11:57:38","modified_gmt":"2026-01-28T17:57:38","slug":"exposicion-esto-de-existir-por-alissa-anahi-lopez-lomas","status":"publish","type":"post","link":"https:\/\/casadelaculturaac.com\/?p=5902","title":{"rendered":"Exposici\u00f3n &#8220;Esto de Existir&#8230;&#8221; por Alissa Anah\u00ed L\u00f3pez Lomas"},"content":{"rendered":"\n<figure class=\"wp-block-image size-full\"><a href=\"https:\/\/casadelaculturaac.com\/wp-content\/uploads\/2026\/01\/IMG_5358.jpg\"><img loading=\"lazy\" decoding=\"async\" width=\"900\" height=\"506\" src=\"https:\/\/casadelaculturaac.com\/wp-content\/uploads\/2026\/01\/IMG_5358.jpg\" alt=\"\" class=\"wp-image-5907\" srcset=\"https:\/\/casadelaculturaac.com\/wp-content\/uploads\/2026\/01\/IMG_5358.jpg 900w, https:\/\/casadelaculturaac.com\/wp-content\/uploads\/2026\/01\/IMG_5358-300x169.jpg 300w, https:\/\/casadelaculturaac.com\/wp-content\/uploads\/2026\/01\/IMG_5358-768x432.jpg 768w\" sizes=\"auto, (max-width: 900px) 100vw, 900px\" \/><\/a><\/figure>\n\n\n\n<p>En esta apertura se expuso una amplia colecci\u00f3n de obras que realiz\u00f3 Alissa durante sus aprendizajes de pintura mientras vive su vida universitaria como estudiante de medicina.<\/p>\n\n\n<div class=\"wp-block-image\">\n<figure class=\"aligncenter size-full is-resized\"><a href=\"https:\/\/casadelaculturaac.com\/wp-content\/uploads\/2026\/01\/IMG_20260119_174829_2.jpg\"><img loading=\"lazy\" decoding=\"async\" width=\"675\" height=\"900\" src=\"https:\/\/casadelaculturaac.com\/wp-content\/uploads\/2026\/01\/IMG_20260119_174829_2.jpg\" alt=\"\" class=\"wp-image-5903\" style=\"aspect-ratio:0.7500127103563984;width:227px;height:auto\" srcset=\"https:\/\/casadelaculturaac.com\/wp-content\/uploads\/2026\/01\/IMG_20260119_174829_2.jpg 675w, https:\/\/casadelaculturaac.com\/wp-content\/uploads\/2026\/01\/IMG_20260119_174829_2-225x300.jpg 225w\" sizes=\"auto, (max-width: 675px) 100vw, 675px\" \/><\/a><\/figure>\n<\/div>\n\n\n<p>En cada lienzo ha plasmado sus conocimientos y experiencia demostrando su talento forjado trabajando con sombras, color, forma, textura y detalle. Sus obras son el resultado de esta doble mirada: la de del cient\u00edfico que analiza los mecanismos de la vida y la del artista que interpreta su misterio.<\/p>\n\n\n\n<figure class=\"wp-block-gallery has-nested-images columns-default is-cropped wp-block-gallery-1 is-layout-flex wp-block-gallery-is-layout-flex\">\n<figure class=\"wp-block-image size-large\"><a href=\"https:\/\/casadelaculturaac.com\/wp-content\/uploads\/2026\/01\/IMG_20260113_112636.jpg\"><img loading=\"lazy\" decoding=\"async\" width=\"900\" height=\"506\" data-id=\"5904\" src=\"https:\/\/casadelaculturaac.com\/wp-content\/uploads\/2026\/01\/IMG_20260113_112636.jpg\" alt=\"\" class=\"wp-image-5904\" srcset=\"https:\/\/casadelaculturaac.com\/wp-content\/uploads\/2026\/01\/IMG_20260113_112636.jpg 900w, https:\/\/casadelaculturaac.com\/wp-content\/uploads\/2026\/01\/IMG_20260113_112636-300x169.jpg 300w, https:\/\/casadelaculturaac.com\/wp-content\/uploads\/2026\/01\/IMG_20260113_112636-768x432.jpg 768w\" sizes=\"auto, (max-width: 900px) 100vw, 900px\" \/><\/a><\/figure>\n\n\n\n<figure class=\"wp-block-image size-large\"><a href=\"https:\/\/casadelaculturaac.com\/wp-content\/uploads\/2026\/01\/IMG_5343.jpg\"><img loading=\"lazy\" decoding=\"async\" width=\"900\" height=\"675\" data-id=\"5905\" src=\"https:\/\/casadelaculturaac.com\/wp-content\/uploads\/2026\/01\/IMG_5343.jpg\" alt=\"\" class=\"wp-image-5905\" srcset=\"https:\/\/casadelaculturaac.com\/wp-content\/uploads\/2026\/01\/IMG_5343.jpg 900w, https:\/\/casadelaculturaac.com\/wp-content\/uploads\/2026\/01\/IMG_5343-300x225.jpg 300w, https:\/\/casadelaculturaac.com\/wp-content\/uploads\/2026\/01\/IMG_5343-768x576.jpg 768w\" sizes=\"auto, (max-width: 900px) 100vw, 900px\" \/><\/a><\/figure>\n\n\n\n<figure class=\"wp-block-image size-large\"><a href=\"https:\/\/casadelaculturaac.com\/wp-content\/uploads\/2026\/01\/IMG_20260108_141808.jpg\"><img loading=\"lazy\" decoding=\"async\" width=\"900\" height=\"675\" data-id=\"5906\" src=\"https:\/\/casadelaculturaac.com\/wp-content\/uploads\/2026\/01\/IMG_20260108_141808.jpg\" alt=\"\" class=\"wp-image-5906\" srcset=\"https:\/\/casadelaculturaac.com\/wp-content\/uploads\/2026\/01\/IMG_20260108_141808.jpg 900w, https:\/\/casadelaculturaac.com\/wp-content\/uploads\/2026\/01\/IMG_20260108_141808-300x225.jpg 300w, https:\/\/casadelaculturaac.com\/wp-content\/uploads\/2026\/01\/IMG_20260108_141808-768x576.jpg 768w\" sizes=\"auto, (max-width: 900px) 100vw, 900px\" \/><\/a><\/figure>\n<\/figure>\n\n\n\n<p><\/p>\n","protected":false},"excerpt":{"rendered":"<p>En esta apertura se expuso una amplia colecci\u00f3n de obras que realiz\u00f3 Alissa durante sus aprendizajes de pintura mientras vive su vida universitaria como estudiante<\/p>\n","protected":false},"author":4,"featured_media":0,"comment_status":"closed","ping_status":"closed","sticky":false,"template":"","format":"standard","meta":{"footnotes":""},"categories":[1],"tags":[],"class_list":["post-5902","post","type-post","status-publish","format-standard","hentry","category-sin-categoria"],"_links":{"self":[{"href":"https:\/\/casadelaculturaac.com\/index.php?rest_route=\/wp\/v2\/posts\/5902","targetHints":{"allow":["GET"]}}],"collection":[{"href":"https:\/\/casadelaculturaac.com\/index.php?rest_route=\/wp\/v2\/posts"}],"about":[{"href":"https:\/\/casadelaculturaac.com\/index.php?rest_route=\/wp\/v2\/types\/post"}],"author":[{"embeddable":true,"href":"https:\/\/casadelaculturaac.com\/index.php?rest_route=\/wp\/v2\/users\/4"}],"replies":[{"embeddable":true,"href":"https:\/\/casadelaculturaac.com\/index.php?rest_route=%2Fwp%2Fv2%2Fcomments&post=5902"}],"version-history":[{"count":1,"href":"https:\/\/casadelaculturaac.com\/index.php?rest_route=\/wp\/v2\/posts\/5902\/revisions"}],"predecessor-version":[{"id":5908,"href":"https:\/\/casadelaculturaac.com\/index.php?rest_route=\/wp\/v2\/posts\/5902\/revisions\/5908"}],"wp:attachment":[{"href":"https:\/\/casadelaculturaac.com\/index.php?rest_route=%2Fwp%2Fv2%2Fmedia&parent=5902"}],"wp:term":[{"taxonomy":"category","embeddable":true,"href":"https:\/\/casadelaculturaac.com\/index.php?rest_route=%2Fwp%2Fv2%2Fcategories&post=5902"},{"taxonomy":"post_tag","embeddable":true,"href":"https:\/\/casadelaculturaac.com\/index.php?rest_route=%2Fwp%2Fv2%2Ftags&post=5902"}],"curies":[{"name":"wp","href":"https:\/\/api.w.org\/{rel}","templated":true}]}}