{"id":5894,"date":"2026-01-27T13:33:24","date_gmt":"2026-01-27T19:33:24","guid":{"rendered":"https:\/\/casadelaculturaac.com\/?p=5894"},"modified":"2026-01-27T13:33:24","modified_gmt":"2026-01-27T19:33:24","slug":"47-aniversario-de-casa-de-la-cultura-de-reynosa-a-c","status":"publish","type":"post","link":"http:\/\/casadelaculturaac.com\/?p=5894","title":{"rendered":"47 Aniversario de Casa de la Cultura de Reynosa, A.C."},"content":{"rendered":"\n<figure class=\"wp-block-image size-full\"><a href=\"https:\/\/casadelaculturaac.com\/wp-content\/uploads\/2026\/01\/IMG_5442.jpg\"><img loading=\"lazy\" decoding=\"async\" width=\"900\" height=\"506\" src=\"https:\/\/casadelaculturaac.com\/wp-content\/uploads\/2026\/01\/IMG_5442.jpg\" alt=\"\" class=\"wp-image-5900\" srcset=\"http:\/\/casadelaculturaac.com\/wp-content\/uploads\/2026\/01\/IMG_5442.jpg 900w, http:\/\/casadelaculturaac.com\/wp-content\/uploads\/2026\/01\/IMG_5442-300x169.jpg 300w, http:\/\/casadelaculturaac.com\/wp-content\/uploads\/2026\/01\/IMG_5442-768x432.jpg 768w\" sizes=\"auto, (max-width: 900px) 100vw, 900px\" \/><\/a><\/figure>\n\n\n\n<p>Casa de la Cultura de Reynosa, A.C. celebr\u00f3 su 47 aniversario con un hermoso recital contando con la participaci\u00f3n de los alumnos del taller de viol\u00edn y alumnos que conforman el 1er semestre del Programa Nacional de Escuelas de Iniciaci\u00f3n Art\u00edstica Asociadas al Instituto Nacional de Bellas Artes y Literatura dirigidos por la maestra Hulda Morales, el maestro Abel D\u00edaz Soria acompa\u00f1\u00f3 en dueto a la alumna Keyla Gabriela Reyes Pecina que interpret\u00f3 piezas con el acorde\u00f3n y al maestro Saj\u00edd D\u00edaz que deleit\u00f3 con melod\u00edas tocando la guitarra. Dando cierre a la presentaci\u00f3n, Santiago Eduardo Vela de la Rocha quien tambi\u00e9n forma parte del Programa de Escuelas de Iniciaci\u00f3n Art\u00edstica hizo muestra de su talento con el saxof\u00f3n con piezas variadas.<\/p>\n\n\n\n<figure class=\"wp-block-gallery has-nested-images columns-default is-cropped wp-block-gallery-1 is-layout-flex wp-block-gallery-is-layout-flex\">\n<figure class=\"wp-block-image size-large\"><a href=\"https:\/\/casadelaculturaac.com\/wp-content\/uploads\/2026\/01\/IMG_5406.jpg\"><img loading=\"lazy\" decoding=\"async\" width=\"900\" height=\"675\" data-id=\"5896\" src=\"https:\/\/casadelaculturaac.com\/wp-content\/uploads\/2026\/01\/IMG_5406.jpg\" alt=\"\" class=\"wp-image-5896\" srcset=\"http:\/\/casadelaculturaac.com\/wp-content\/uploads\/2026\/01\/IMG_5406.jpg 900w, http:\/\/casadelaculturaac.com\/wp-content\/uploads\/2026\/01\/IMG_5406-300x225.jpg 300w, http:\/\/casadelaculturaac.com\/wp-content\/uploads\/2026\/01\/IMG_5406-768x576.jpg 768w\" sizes=\"auto, (max-width: 900px) 100vw, 900px\" \/><\/a><\/figure>\n\n\n\n<figure class=\"wp-block-image size-large\"><a href=\"https:\/\/casadelaculturaac.com\/wp-content\/uploads\/2026\/01\/IMG_5415.jpg\"><img loading=\"lazy\" decoding=\"async\" width=\"900\" height=\"675\" data-id=\"5895\" src=\"https:\/\/casadelaculturaac.com\/wp-content\/uploads\/2026\/01\/IMG_5415.jpg\" alt=\"\" class=\"wp-image-5895\" srcset=\"http:\/\/casadelaculturaac.com\/wp-content\/uploads\/2026\/01\/IMG_5415.jpg 900w, http:\/\/casadelaculturaac.com\/wp-content\/uploads\/2026\/01\/IMG_5415-300x225.jpg 300w, http:\/\/casadelaculturaac.com\/wp-content\/uploads\/2026\/01\/IMG_5415-768x576.jpg 768w\" sizes=\"auto, (max-width: 900px) 100vw, 900px\" \/><\/a><\/figure>\n\n\n\n<figure class=\"wp-block-image size-large\"><a href=\"https:\/\/casadelaculturaac.com\/wp-content\/uploads\/2026\/01\/IMG_5427.jpg\"><img loading=\"lazy\" decoding=\"async\" width=\"900\" height=\"675\" data-id=\"5897\" src=\"https:\/\/casadelaculturaac.com\/wp-content\/uploads\/2026\/01\/IMG_5427.jpg\" alt=\"\" class=\"wp-image-5897\" srcset=\"http:\/\/casadelaculturaac.com\/wp-content\/uploads\/2026\/01\/IMG_5427.jpg 900w, http:\/\/casadelaculturaac.com\/wp-content\/uploads\/2026\/01\/IMG_5427-300x225.jpg 300w, http:\/\/casadelaculturaac.com\/wp-content\/uploads\/2026\/01\/IMG_5427-768x576.jpg 768w\" sizes=\"auto, (max-width: 900px) 100vw, 900px\" \/><\/a><\/figure>\n<\/figure>\n\n\n\n<p>Nos complaci\u00f3 contar con la presencia del alcalde municipal el Lic. Carlos V\u00edctor Pe\u00f1a Ortiz, la Mtra. Mirella Lucero Guzm\u00e1n Flores directora de nuestra instituci\u00f3n, el Lic. Carlos Pe\u00f1a Garza presidente del Patronato del Sistema DIF Reynosa, la Lic. Bertha Isabel Pe\u00f1a Garza vicepresidenta del Patronato de Casa de la Cultura de Reynosa, A.C., la Mtra. Idalia Robles Vi\u00f1a integrante del Patronato de Casa de la Cultura de Reynosa, A.C., la Lic. Ma. Esther Camargo F\u00e9lix directora general del Instituto Reynosense para la Cultura y las Artes, la Lic. Juanita S\u00e1nchez Jim\u00e9nez Regidora del Municipio encargada de la Comisi\u00f3n de Cultura y al Lic. Al\u00e1n Efren Dom\u00ednguez Jim\u00e9nez regidor.<\/p>\n\n\n\n<figure class=\"wp-block-image size-full\"><a href=\"https:\/\/casadelaculturaac.com\/wp-content\/uploads\/2026\/01\/IMG_5437.jpg\"><img loading=\"lazy\" decoding=\"async\" width=\"900\" height=\"506\" src=\"https:\/\/casadelaculturaac.com\/wp-content\/uploads\/2026\/01\/IMG_5437.jpg\" alt=\"\" class=\"wp-image-5898\" srcset=\"http:\/\/casadelaculturaac.com\/wp-content\/uploads\/2026\/01\/IMG_5437.jpg 900w, http:\/\/casadelaculturaac.com\/wp-content\/uploads\/2026\/01\/IMG_5437-300x169.jpg 300w, http:\/\/casadelaculturaac.com\/wp-content\/uploads\/2026\/01\/IMG_5437-768x432.jpg 768w\" sizes=\"auto, (max-width: 900px) 100vw, 900px\" \/><\/a><\/figure>\n\n\n\n<p>Agradecemos la presencia de las Asociaciones Civiles que nos acompa\u00f1aron en este evento tan significativo.<\/p>\n\n\n\n<figure class=\"wp-block-gallery has-nested-images columns-default is-cropped wp-block-gallery-2 is-layout-flex wp-block-gallery-is-layout-flex\">\n<figure class=\"wp-block-image size-large\"><a href=\"https:\/\/casadelaculturaac.com\/wp-content\/uploads\/2026\/01\/IMG_5449.jpg\"><img loading=\"lazy\" decoding=\"async\" width=\"900\" height=\"506\" data-id=\"5899\" src=\"https:\/\/casadelaculturaac.com\/wp-content\/uploads\/2026\/01\/IMG_5449.jpg\" alt=\"\" class=\"wp-image-5899\" srcset=\"http:\/\/casadelaculturaac.com\/wp-content\/uploads\/2026\/01\/IMG_5449.jpg 900w, http:\/\/casadelaculturaac.com\/wp-content\/uploads\/2026\/01\/IMG_5449-300x169.jpg 300w, http:\/\/casadelaculturaac.com\/wp-content\/uploads\/2026\/01\/IMG_5449-768x432.jpg 768w\" sizes=\"auto, (max-width: 900px) 100vw, 900px\" \/><\/a><\/figure>\n<\/figure>\n\n\n\n<p>Tambi\u00e9n agradecemos a los padres de familia, maestros y p\u00fablico por su invaluable apoyo para seguir impartiendo clases a la comunidad impulsando su talento para dejar huella en esta gran ciudad.<\/p>\n\n\n\n<p><\/p>\n","protected":false},"excerpt":{"rendered":"<p>Casa de la Cultura de Reynosa, A.C. celebr\u00f3 su 47 aniversario con un hermoso recital contando con la participaci\u00f3n de los alumnos del taller de<\/p>\n","protected":false},"author":4,"featured_media":0,"comment_status":"closed","ping_status":"closed","sticky":false,"template":"","format":"standard","meta":{"footnotes":""},"categories":[1],"tags":[],"class_list":["post-5894","post","type-post","status-publish","format-standard","hentry","category-sin-categoria"],"_links":{"self":[{"href":"http:\/\/casadelaculturaac.com\/index.php?rest_route=\/wp\/v2\/posts\/5894","targetHints":{"allow":["GET"]}}],"collection":[{"href":"http:\/\/casadelaculturaac.com\/index.php?rest_route=\/wp\/v2\/posts"}],"about":[{"href":"http:\/\/casadelaculturaac.com\/index.php?rest_route=\/wp\/v2\/types\/post"}],"author":[{"embeddable":true,"href":"http:\/\/casadelaculturaac.com\/index.php?rest_route=\/wp\/v2\/users\/4"}],"replies":[{"embeddable":true,"href":"http:\/\/casadelaculturaac.com\/index.php?rest_route=%2Fwp%2Fv2%2Fcomments&post=5894"}],"version-history":[{"count":1,"href":"http:\/\/casadelaculturaac.com\/index.php?rest_route=\/wp\/v2\/posts\/5894\/revisions"}],"predecessor-version":[{"id":5901,"href":"http:\/\/casadelaculturaac.com\/index.php?rest_route=\/wp\/v2\/posts\/5894\/revisions\/5901"}],"wp:attachment":[{"href":"http:\/\/casadelaculturaac.com\/index.php?rest_route=%2Fwp%2Fv2%2Fmedia&parent=5894"}],"wp:term":[{"taxonomy":"category","embeddable":true,"href":"http:\/\/casadelaculturaac.com\/index.php?rest_route=%2Fwp%2Fv2%2Fcategories&post=5894"},{"taxonomy":"post_tag","embeddable":true,"href":"http:\/\/casadelaculturaac.com\/index.php?rest_route=%2Fwp%2Fv2%2Ftags&post=5894"}],"curies":[{"name":"wp","href":"https:\/\/api.w.org\/{rel}","templated":true}]}}