{"id":4101,"date":"2020-06-25T13:18:51","date_gmt":"2020-06-25T19:18:51","guid":{"rendered":"http:\/\/casadelaculturaac.com\/?p=4101"},"modified":"2020-06-25T13:18:53","modified_gmt":"2020-06-25T19:18:53","slug":"q-e-p-d-2","status":"publish","type":"post","link":"http:\/\/casadelaculturaac.com\/?p=4101","title":{"rendered":"Q.E.P.D."},"content":{"rendered":"\n<figure class=\"wp-block-image size-large\"><img loading=\"lazy\" decoding=\"async\" width=\"900\" height=\"900\" src=\"https:\/\/casadelaculturaac.com\/wp-content\/uploads\/2020\/06\/Gabriel0.jpg\" alt=\"\" class=\"wp-image-4102\" srcset=\"http:\/\/casadelaculturaac.com\/wp-content\/uploads\/2020\/06\/Gabriel0.jpg 900w, http:\/\/casadelaculturaac.com\/wp-content\/uploads\/2020\/06\/Gabriel0-300x300.jpg 300w, http:\/\/casadelaculturaac.com\/wp-content\/uploads\/2020\/06\/Gabriel0-150x150.jpg 150w, http:\/\/casadelaculturaac.com\/wp-content\/uploads\/2020\/06\/Gabriel0-768x768.jpg 768w\" sizes=\"auto, (max-width: 900px) 100vw, 900px\" \/><\/figure>\n\n\n\n<p>El personal docente y administrativo de Casa de la Cultura de Reynosa, A.C. expresamos nuestro m\u00e1s sentido p\u00e9same a la familia del Maestro Gabriel G\u00e1mez Cid, una persona admirable que inspir\u00f3 a muchas alumnas, sembrando la semilla de talento, perseverancia y dedicaci\u00f3n, te recordaremos siempre.<br>Con gran admiraci\u00f3n y respeto despedimos a nuestro excelente amigo y profesor.<br>Q.E.P.D<\/p>\n","protected":false},"excerpt":{"rendered":"<p>El personal docente y administrativo de Casa de la Cultura de Reynosa, A.C. expresamos nuestro m\u00e1s sentido p\u00e9same a la familia del Maestro Gabriel G\u00e1mez<\/p>\n","protected":false},"author":4,"featured_media":4103,"comment_status":"closed","ping_status":"closed","sticky":false,"template":"","format":"standard","meta":{"footnotes":""},"categories":[1],"tags":[],"class_list":["post-4101","post","type-post","status-publish","format-standard","has-post-thumbnail","hentry","category-sin-categoria"],"_links":{"self":[{"href":"http:\/\/casadelaculturaac.com\/index.php?rest_route=\/wp\/v2\/posts\/4101","targetHints":{"allow":["GET"]}}],"collection":[{"href":"http:\/\/casadelaculturaac.com\/index.php?rest_route=\/wp\/v2\/posts"}],"about":[{"href":"http:\/\/casadelaculturaac.com\/index.php?rest_route=\/wp\/v2\/types\/post"}],"author":[{"embeddable":true,"href":"http:\/\/casadelaculturaac.com\/index.php?rest_route=\/wp\/v2\/users\/4"}],"replies":[{"embeddable":true,"href":"http:\/\/casadelaculturaac.com\/index.php?rest_route=%2Fwp%2Fv2%2Fcomments&post=4101"}],"version-history":[{"count":1,"href":"http:\/\/casadelaculturaac.com\/index.php?rest_route=\/wp\/v2\/posts\/4101\/revisions"}],"predecessor-version":[{"id":4104,"href":"http:\/\/casadelaculturaac.com\/index.php?rest_route=\/wp\/v2\/posts\/4101\/revisions\/4104"}],"wp:featuredmedia":[{"embeddable":true,"href":"http:\/\/casadelaculturaac.com\/index.php?rest_route=\/wp\/v2\/media\/4103"}],"wp:attachment":[{"href":"http:\/\/casadelaculturaac.com\/index.php?rest_route=%2Fwp%2Fv2%2Fmedia&parent=4101"}],"wp:term":[{"taxonomy":"category","embeddable":true,"href":"http:\/\/casadelaculturaac.com\/index.php?rest_route=%2Fwp%2Fv2%2Fcategories&post=4101"},{"taxonomy":"post_tag","embeddable":true,"href":"http:\/\/casadelaculturaac.com\/index.php?rest_route=%2Fwp%2Fv2%2Ftags&post=4101"}],"curies":[{"name":"wp","href":"https:\/\/api.w.org\/{rel}","templated":true}]}}